
{"id":1051,"date":"2019-01-24T11:06:41","date_gmt":"2019-01-24T15:06:41","guid":{"rendered":"http:\/\/ubisoftquebec.flywheelsites.com\/?p=1051"},"modified":"2022-05-27T10:56:22","modified_gmt":"2022-05-27T14:56:22","slug":"yannis-mallat-presidera-jury-de-9e-edition-concours-universitaire-ubisoft","status":"publish","type":"post","link":"https:\/\/quebec.ubisoft.com\/fr\/yannis-mallat-presidera-jury-de-9e-edition-concours-universitaire-ubisoft\/","title":{"rendered":"Yannis Mallat pr\u00e9sidera le jury de la 9e \u00e9dition du concours universitaire Ubisoft"},"content":{"rendered":"<p>Vendredi dernier avait lieu le lancement de la 9e \u00e9dition du Concours universitaire Ubisoft aux studios de Montr\u00e9al, Qu\u00e9bec et Saguenay. Pour les 10 prochaines semaines, un nombre record de 168 \u00e9tudiantes et \u00e9tudiants r\u00e9partis en 21 \u00e9quipes auront \u00e0 produire des prototypes jouables sur le th\u00e8me du spectacle. Les \u00e9quipes seront amen\u00e9es \u00e0 rassembler les utilisateurs autour d\u2019une exp\u00e9rience de jeu commune, en portant une attention particuli\u00e8re \u00e0 l\u2019inclusion afin de permettre \u00e0 tous de participer, d\u2019une mani\u00e8re ou d\u2019une autre, au spectacle.<\/p>\n<p><img loading=\"lazy\" decoding=\"async\" class=\"size-full wp-image-2500\" src=\"http:\/\/ubisoftquebec.flywheelsites.com\/wp-content\/uploads\/2019\/08\/ubisoftquebec-yannis-mallat-concours-1.jpg\" alt=\"Concours universitaire\" width=\"1800\" height=\"1202\" srcset=\"https:\/\/quebec.ubisoft.com\/wp-content\/uploads\/2019\/08\/ubisoftquebec-yannis-mallat-concours-1.jpg 1800w, https:\/\/quebec.ubisoft.com\/wp-content\/uploads\/2019\/08\/ubisoftquebec-yannis-mallat-concours-1-300x200.jpg 300w, https:\/\/quebec.ubisoft.com\/wp-content\/uploads\/2019\/08\/ubisoftquebec-yannis-mallat-concours-1-768x513.jpg 768w, https:\/\/quebec.ubisoft.com\/wp-content\/uploads\/2019\/08\/ubisoftquebec-yannis-mallat-concours-1-1024x684.jpg 1024w\" sizes=\"auto, (max-width: 1800px) 100vw, 1800px\" \/><\/p>\n<p>Pour la pr\u00e9sente \u00e9dition, le pr\u00e9sident du jury sera nul autre que <a href=\"https:\/\/montreal.ubisoft.com\/fr\/salle-de-presse\/yannis-mallat\/\" target=\"_blank\" rel=\"noopener noreferrer\">Yannis Mallat<\/a>, PDG des studios canadiens d\u2019Ubisoft.<\/p>\n<blockquote><p>\u00abJe suis tr\u00e8s fier d\u2019accepter ce r\u00f4le, car je consid\u00e8re le Concours comme la pierre angulaire de notre implication en \u00e9ducation\u00bb, affirme Yannis. \u00abLe lien fort qui existe entre Ubisoft et les universit\u00e9s du Qu\u00e9bec nous permet de contribuer collectivement \u00e0 la p\u00e9rennit\u00e9 cr\u00e9ative, de nous assurer que la rel\u00e8ve soit en premi\u00e8re ligne dans l\u2019acquisition des comp\u00e9tences indispensables aux m\u00e9tiers de demain.\u00bb<\/p><\/blockquote>\n<p>&nbsp;<\/p>\n<p><img loading=\"lazy\" decoding=\"async\" class=\"size-full wp-image-2502\" src=\"http:\/\/ubisoftquebec.flywheelsites.com\/wp-content\/uploads\/2019\/08\/ubisoftquebec-yannis-mallat-concours-2.jpg\" alt=\"Concours universitaire\" width=\"1800\" height=\"1202\" srcset=\"https:\/\/quebec.ubisoft.com\/wp-content\/uploads\/2019\/08\/ubisoftquebec-yannis-mallat-concours-2.jpg 1800w, https:\/\/quebec.ubisoft.com\/wp-content\/uploads\/2019\/08\/ubisoftquebec-yannis-mallat-concours-2-300x200.jpg 300w, https:\/\/quebec.ubisoft.com\/wp-content\/uploads\/2019\/08\/ubisoftquebec-yannis-mallat-concours-2-768x513.jpg 768w, https:\/\/quebec.ubisoft.com\/wp-content\/uploads\/2019\/08\/ubisoftquebec-yannis-mallat-concours-2-1024x684.jpg 1024w\" sizes=\"auto, (max-width: 1800px) 100vw, 1800px\" \/><\/p>\n<p>Le Concours universitaire est une des initiatives du programme Ubisoft \u00c9ducation visant \u00e0 pr\u00e9parer la rel\u00e8ve du Qu\u00e9bec aux m\u00e9tiers du futur. Maintenant \u00e0 sa neuvi\u00e8me ann\u00e9e, le Concours universitaire offre l\u2019occasion unique aux \u00e9tudiants universitaires de concr\u00e9tiser leur passion en les mettant en contact avec des professionnels de l\u2019industrie. 42 mentors de nos trois studios qu\u00e9b\u00e9cois guideront les \u00e9tudiants au cours des 10 prochaines semaines afin de les inspirer \u00e0 r\u00e9aliser leurs ambitions.<\/p>\n<p>Cette ann\u00e9e encore, \u00e0 la fin du Concours, le jury remettra huit prix et 22 000 $ en bourses. De plus, Ubisoft garantit l\u2019octroi de stages ou emplois \u00e0 au moins 10 participants au Concours. Rappelons que l\u2019an dernier, plus de 30 participants ont rejoint un de nos trois studios qu\u00e9b\u00e9cois.<\/p>\n<h6>Cr\u00e9dit photos: St\u00e9phane Desmeules<\/h6>\n","protected":false},"excerpt":{"rendered":"<p>Vendredi dernier avait lieu le lancement de la 9e \u00e9dition du Concours universitaire Ubisoft aux studios de Montr\u00e9al, Qu\u00e9bec et Saguenay. Pour les 10 prochaines semaines, un nombre record de 168 \u00e9tudiantes et \u00e9tudiants r\u00e9partis en 21 \u00e9quipes auront \u00e0 produire des prototypes jouables sur le th\u00e8me du spectacle. Les \u00e9quipes seront amen\u00e9es \u00e0 rassembler [&hellip;]<\/p>\n","protected":false},"author":1,"featured_media":4629,"comment_status":"closed","ping_status":"closed","sticky":false,"template":"","format":"standard","meta":{"footnotes":""},"categories":[15],"tags":[],"class_list":["post-1051","post","type-post","status-publish","format-standard","has-post-thumbnail","hentry","category-corporatif"],"acf":[],"yoast_head":"<!-- This site is optimized with the Yoast SEO plugin v20.13 - https:\/\/yoast.com\/wordpress\/plugins\/seo\/ -->\n<title>Yannis Mallat pr\u00e9sidera le jury de la 9e \u00e9dition du concours universitaire Ubisoft - Ubisoft Qu\u00e9bec<\/title>\n<meta name=\"description\" content=\"Vendredi dernier avait lieu le lancement de la 9e \u00e9dition du Concours universitaire Ubisoft aux studios de Montr\u00e9al, Qu\u00e9bec et Saguenay.\" \/>\n<meta name=\"robots\" content=\"index, follow, max-snippet:-1, max-image-preview:large, max-video-preview:-1\" \/>\n<link rel=\"canonical\" href=\"https:\/\/quebec.ubisoft.com\/fr\/yannis-mallat-presidera-jury-de-9e-edition-concours-universitaire-ubisoft\/\" \/>\n<meta property=\"og:locale\" content=\"fr_FR\" \/>\n<meta property=\"og:type\" content=\"article\" \/>\n<meta property=\"og:title\" content=\"Yannis Mallat pr\u00e9sidera le jury de la 9e \u00e9dition du concours universitaire Ubisoft - Ubisoft Qu\u00e9bec\" \/>\n<meta property=\"og:description\" content=\"Vendredi dernier avait lieu le lancement de la 9e \u00e9dition du Concours universitaire Ubisoft aux studios de Montr\u00e9al, Qu\u00e9bec et Saguenay.\" \/>\n<meta property=\"og:url\" content=\"https:\/\/quebec.ubisoft.com\/fr\/yannis-mallat-presidera-jury-de-9e-edition-concours-universitaire-ubisoft\/\" \/>\n<meta property=\"og:site_name\" content=\"Ubisoft Qu\u00e9bec\" \/>\n<meta property=\"article:publisher\" content=\"https:\/\/www.facebook.com\/ubisoftquebec\/\" \/>\n<meta property=\"article:published_time\" content=\"2019-01-24T15:06:41+00:00\" \/>\n<meta property=\"article:modified_time\" content=\"2022-05-27T14:56:22+00:00\" \/>\n<meta property=\"og:image\" content=\"https:\/\/quebec.ubisoft.com\/wp-content\/uploads\/2019\/01\/Yannis-Mallat-pre\u0301sidera-le-jury-de-la-9e-e\u0301dition-du-concours-universitaire-Ubisoft.png\" \/>\n\t<meta property=\"og:image:width\" content=\"1200\" \/>\n\t<meta property=\"og:image:height\" content=\"675\" \/>\n\t<meta property=\"og:image:type\" content=\"image\/png\" \/>\n<meta name=\"author\" content=\"instynct\" \/>\n<meta name=\"twitter:card\" content=\"summary_large_image\" \/>\n<meta name=\"twitter:creator\" content=\"@UbisoftQuebec\" \/>\n<meta name=\"twitter:site\" content=\"@UbisoftQuebec\" \/>\n<meta name=\"twitter:label1\" content=\"\u00c9crit par\" \/>\n\t<meta name=\"twitter:data1\" content=\"instynct\" \/>\n\t<meta name=\"twitter:label2\" content=\"Dur\u00e9e de lecture estim\u00e9e\" \/>\n\t<meta name=\"twitter:data2\" content=\"2 minutes\" \/>\n<script type=\"application\/ld+json\" class=\"yoast-schema-graph\">{\"@context\":\"https:\/\/schema.org\",\"@graph\":[{\"@type\":\"WebPage\",\"@id\":\"https:\/\/quebec.ubisoft.com\/fr\/yannis-mallat-presidera-jury-de-9e-edition-concours-universitaire-ubisoft\/\",\"url\":\"https:\/\/quebec.ubisoft.com\/fr\/yannis-mallat-presidera-jury-de-9e-edition-concours-universitaire-ubisoft\/\",\"name\":\"Yannis Mallat pr\u00e9sidera le jury de la 9e \u00e9dition du concours universitaire Ubisoft - Ubisoft Qu\u00e9bec\",\"isPartOf\":{\"@id\":\"https:\/\/quebec.ubisoft.com\/fr\/#website\"},\"datePublished\":\"2019-01-24T15:06:41+00:00\",\"dateModified\":\"2022-05-27T14:56:22+00:00\",\"author\":{\"@id\":\"https:\/\/quebec.ubisoft.com\/fr\/#\/schema\/person\/b155d33af443923296ee91d9328d3c46\"},\"description\":\"Vendredi dernier avait lieu le lancement de la 9e \u00e9dition du Concours universitaire Ubisoft aux studios de Montr\u00e9al, Qu\u00e9bec et Saguenay.\",\"inLanguage\":\"fr-FR\",\"potentialAction\":[{\"@type\":\"ReadAction\",\"target\":[\"https:\/\/quebec.ubisoft.com\/fr\/yannis-mallat-presidera-jury-de-9e-edition-concours-universitaire-ubisoft\/\"]}]},{\"@type\":\"WebSite\",\"@id\":\"https:\/\/quebec.ubisoft.com\/fr\/#website\",\"url\":\"https:\/\/quebec.ubisoft.com\/fr\/\",\"name\":\"Ubisoft Qu\u00e9bec\",\"description\":\"Cr\u00e9ateur de mondes\",\"potentialAction\":[{\"@type\":\"SearchAction\",\"target\":{\"@type\":\"EntryPoint\",\"urlTemplate\":\"https:\/\/quebec.ubisoft.com\/fr\/?s={search_term_string}\"},\"query-input\":\"required name=search_term_string\"}],\"inLanguage\":\"fr-FR\"},{\"@type\":\"Person\",\"@id\":\"https:\/\/quebec.ubisoft.com\/fr\/#\/schema\/person\/b155d33af443923296ee91d9328d3c46\",\"name\":\"instynct\"}]}<\/script>\n<!-- \/ Yoast SEO plugin. -->","yoast_head_json":{"title":"Yannis Mallat pr\u00e9sidera le jury de la 9e \u00e9dition du concours universitaire Ubisoft - Ubisoft Qu\u00e9bec","description":"Vendredi dernier avait lieu le lancement de la 9e \u00e9dition du Concours universitaire Ubisoft aux studios de Montr\u00e9al, Qu\u00e9bec et Saguenay.","robots":{"index":"index","follow":"follow","max-snippet":"max-snippet:-1","max-image-preview":"max-image-preview:large","max-video-preview":"max-video-preview:-1"},"canonical":"https:\/\/quebec.ubisoft.com\/fr\/yannis-mallat-presidera-jury-de-9e-edition-concours-universitaire-ubisoft\/","og_locale":"fr_FR","og_type":"article","og_title":"Yannis Mallat pr\u00e9sidera le jury de la 9e \u00e9dition du concours universitaire Ubisoft - Ubisoft Qu\u00e9bec","og_description":"Vendredi dernier avait lieu le lancement de la 9e \u00e9dition du Concours universitaire Ubisoft aux studios de Montr\u00e9al, Qu\u00e9bec et Saguenay.","og_url":"https:\/\/quebec.ubisoft.com\/fr\/yannis-mallat-presidera-jury-de-9e-edition-concours-universitaire-ubisoft\/","og_site_name":"Ubisoft Qu\u00e9bec","article_publisher":"https:\/\/www.facebook.com\/ubisoftquebec\/","article_published_time":"2019-01-24T15:06:41+00:00","article_modified_time":"2022-05-27T14:56:22+00:00","og_image":[{"width":1200,"height":675,"url":"https:\/\/quebec.ubisoft.com\/wp-content\/uploads\/2019\/01\/Yannis-Mallat-pre\u0301sidera-le-jury-de-la-9e-e\u0301dition-du-concours-universitaire-Ubisoft.png","type":"image\/png"}],"author":"instynct","twitter_card":"summary_large_image","twitter_creator":"@UbisoftQuebec","twitter_site":"@UbisoftQuebec","twitter_misc":{"\u00c9crit par":"instynct","Dur\u00e9e de lecture estim\u00e9e":"2 minutes"},"schema":{"@context":"https:\/\/schema.org","@graph":[{"@type":"WebPage","@id":"https:\/\/quebec.ubisoft.com\/fr\/yannis-mallat-presidera-jury-de-9e-edition-concours-universitaire-ubisoft\/","url":"https:\/\/quebec.ubisoft.com\/fr\/yannis-mallat-presidera-jury-de-9e-edition-concours-universitaire-ubisoft\/","name":"Yannis Mallat pr\u00e9sidera le jury de la 9e \u00e9dition du concours universitaire Ubisoft - Ubisoft Qu\u00e9bec","isPartOf":{"@id":"https:\/\/quebec.ubisoft.com\/fr\/#website"},"datePublished":"2019-01-24T15:06:41+00:00","dateModified":"2022-05-27T14:56:22+00:00","author":{"@id":"https:\/\/quebec.ubisoft.com\/fr\/#\/schema\/person\/b155d33af443923296ee91d9328d3c46"},"description":"Vendredi dernier avait lieu le lancement de la 9e \u00e9dition du Concours universitaire Ubisoft aux studios de Montr\u00e9al, Qu\u00e9bec et Saguenay.","inLanguage":"fr-FR","potentialAction":[{"@type":"ReadAction","target":["https:\/\/quebec.ubisoft.com\/fr\/yannis-mallat-presidera-jury-de-9e-edition-concours-universitaire-ubisoft\/"]}]},{"@type":"WebSite","@id":"https:\/\/quebec.ubisoft.com\/fr\/#website","url":"https:\/\/quebec.ubisoft.com\/fr\/","name":"Ubisoft Qu\u00e9bec","description":"Cr\u00e9ateur de mondes","potentialAction":[{"@type":"SearchAction","target":{"@type":"EntryPoint","urlTemplate":"https:\/\/quebec.ubisoft.com\/fr\/?s={search_term_string}"},"query-input":"required name=search_term_string"}],"inLanguage":"fr-FR"},{"@type":"Person","@id":"https:\/\/quebec.ubisoft.com\/fr\/#\/schema\/person\/b155d33af443923296ee91d9328d3c46","name":"instynct"}]}},"_links":{"self":[{"href":"https:\/\/quebec.ubisoft.com\/fr\/wp-json\/wp\/v2\/posts\/1051","targetHints":{"allow":["GET"]}}],"collection":[{"href":"https:\/\/quebec.ubisoft.com\/fr\/wp-json\/wp\/v2\/posts"}],"about":[{"href":"https:\/\/quebec.ubisoft.com\/fr\/wp-json\/wp\/v2\/types\/post"}],"author":[{"embeddable":true,"href":"https:\/\/quebec.ubisoft.com\/fr\/wp-json\/wp\/v2\/users\/1"}],"replies":[{"embeddable":true,"href":"https:\/\/quebec.ubisoft.com\/fr\/wp-json\/wp\/v2\/comments?post=1051"}],"version-history":[{"count":9,"href":"https:\/\/quebec.ubisoft.com\/fr\/wp-json\/wp\/v2\/posts\/1051\/revisions"}],"predecessor-version":[{"id":14680,"href":"https:\/\/quebec.ubisoft.com\/fr\/wp-json\/wp\/v2\/posts\/1051\/revisions\/14680"}],"wp:featuredmedia":[{"embeddable":true,"href":"https:\/\/quebec.ubisoft.com\/fr\/wp-json\/wp\/v2\/media\/4629"}],"wp:attachment":[{"href":"https:\/\/quebec.ubisoft.com\/fr\/wp-json\/wp\/v2\/media?parent=1051"}],"wp:term":[{"taxonomy":"category","embeddable":true,"href":"https:\/\/quebec.ubisoft.com\/fr\/wp-json\/wp\/v2\/categories?post=1051"},{"taxonomy":"post_tag","embeddable":true,"href":"https:\/\/quebec.ubisoft.com\/fr\/wp-json\/wp\/v2\/tags?post=1051"}],"curies":[{"name":"wp","href":"https:\/\/api.w.org\/{rel}","templated":true}]}}